{"id":303,"date":"2020-07-05T13:56:43","date_gmt":"2020-07-05T11:56:43","guid":{"rendered":"https:\/\/www.aufnaeher.de\/magazin\/?p=303"},"modified":"2025-10-01T12:31:49","modified_gmt":"2025-10-01T10:31:49","slug":"aufnaeher-waschen","status":"publish","type":"post","link":"https:\/\/www.aufnaeher.de\/magazin\/aufnaeher-waschen\/","title":{"rendered":"Kann man Aufn\u00e4her waschen?"},"content":{"rendered":"<p>Wir k\u00f6nnten es uns hier einfach machen und die Frage aus der \u00dcberschrift einfach nur mit &#8222;ja&#8220; beantworten. Wir wollen aber, dass Sie m\u00f6glichst lange Freude an Ihren Aufn\u00e4hern haben und deshalb finden Sie im Folgenden noch ein paar mehr Details und Besonderheiten zum Waschen von Aufn\u00e4hern bzw. Patches.<\/p>\n<p>Achtung: F\u00fcr (eher seltenere) Aufn\u00e4her auf Filz gilt das nicht. Diese sind \u00fcberhaupt nicht waschbar.<\/p>\n<h2 id=\"waschtemperatur\">Bei welcher Temperatur sollten Patches gewaschen werden?<\/h2>\n<style>@media only screen and (min-width: 768px) { #magazin-werbebox { float: right; width: 480px; border: solid 1px black; padding: 10px; background-color:#efefef; box-shadow:5px 5px 5px; lightgrey } .magazin-werbebox-bild {float: right; border:solid 1px grey; width:176px; height: 260px} } @media only screen and (max-width: 767px) { #magazin-werbebox { float: right; width: 95%; border: solid 1px black; padding: 10px; background-color:#efefef; box-shadow:5px 5px 5px; lightgrey; font-size: 80% } .magazin-werbebox-bild {float: right; border:solid 1px grey; width:88px; height: 130px} } <\/style>\n<div id=\"magazin-werbebox\">\n<p><a href=\"https:\/\/www.aufnaeher.de\/gestickte-aufnaeher\/\"><img fetchpriority=\"high\" decoding=\"async\" width=\"353\" height=\"520\" class=\"alignright size-full wp-image-618 magazin-werbebox-bild\" src=\"https:\/\/neu.aufnaeher.de\/magazin\/dateien\/preisrechner-gestickte-aufnaeher-20200917.png\" alt=\"Screenshot des Preisrechners f\u00fcr gestickte Aufn\u00e4her\" srcset=\"https:\/\/www.aufnaeher.de\/magazin\/wp-content\/uploads\/preisrechner-gestickte-aufnaeher-20200917.png 353w, https:\/\/www.aufnaeher.de\/magazin\/wp-content\/uploads\/preisrechner-gestickte-aufnaeher-20200917-204x300.png 204w\" sizes=\"(max-width: 353px) 100vw, 353px\" \/><\/a><\/p>\n<p><b>Tipp: Preis f\u00fcr Aufn\u00e4her mit Ihrem eigenen Motiv ermitteln<\/b><\/p>\n<p>Was kosten Aufn\u00e4her mit Wunschmotiv in von Ihnen vorgegebener Gr\u00f6\u00dfe und Form? Jetzt Preis einfach mit unserem Online-Preisrechner ermitteln.<\/p>\n<p><a href=\"https:\/\/www.aufnaeher.de\/gestickte-aufnaeher\/\">zum Online-Kalkulator (Aufn\u00e4her-Preise)<\/a><\/p>\n<\/div>\n<p>Grunds\u00e4tzlich h\u00e4lt das f\u00fcr Aufn\u00e4her verwendete Garn gestickter Aufn\u00e4her eine Waschtemperatur von bis zu 60\u00b0C aus, gewebte und gedruckte bis 30\u00b0C. Allerdings empfehlen wir, Kleidung mit Aufn\u00e4hern trotzdem bei 30\u00b0C in der Maschine zu waschen (das ist auch die Temperatur, die bei vielen modernen Textilien \u00fcblich ist). Der Vorteil: wie bei allen anderen Textilien bleiben die Farben bei 30\u00b0C l\u00e4nger strahlend und die Patches werden beim Waschen geschont.<\/p>\n<p>Achtung aber, wenn Ihre Aufn\u00e4her aufgeb\u00fcgelt wurden. Waschen Sie solche aufgeb\u00fcgelten Aufn\u00e4her niemals mit mehr als 30\u00b0C. Der Grund ist nicht der Aufn\u00e4her selbst, sondern der Textilkleber der Aufb\u00fcgelfl\u00e4che. Dieser Textilkleber kann n\u00e4mlich bei h\u00f6heren Temperaturen Schaden nehmen und sich mit der Zeit l\u00f6sen. Im schlimmsten Fall gehen die Aufn\u00e4her dann ab.<\/p>\n<p>Gleiches gilt f\u00fcr gedruckte Aufn\u00e4her: niemals mit mehr als 30\u00b0C waschen.<\/p>\n<h2 id=\"am-schonendsten\">Wie w\u00e4scht man Aufn\u00e4her und Patches am schonendsten?<\/h2>\n<p>Das wichtigste ist, eine mechanische Belastung der Patches zu vermeiden. Die Textilien sollten daher mindestens auf links gedreht werden, damit die Aufn\u00e4her innen liegen und nicht an anderen Kleidungsst\u00fccken scheuern und sich verhaken.<\/p>\n<p>Wer es ganz optimal machen will, steckt die Kleidungsst\u00fccke mit Aufn\u00e4hern einzeln in ein W\u00e4schenetz. In einem solchen Sack wird auch noch vermieden, dass das W\u00e4schest\u00fcck und die Aufn\u00e4her sich an sich selbst zu stark reiben, w\u00e4hrend gleichzeitig eine optimale Durchw\u00e4sserung (und damit eine gute Reinigung) in der Waschmaschine gegeben ist.<\/p>\n<h2 id=\"abgehen\">Gehen Aufn\u00e4her beim Waschen irgendwann ab?<\/h2>\n<p>Sind die Aufn\u00e4her aufgen\u00e4ht, brauchen Sie sich dar\u00fcber kaum Gedanken zu machen. Nur nach sehr langer Zeit kann eventuell mal der zum Aufn\u00e4hen verwendete Faden durchgescheuert sein. Sie k\u00f6nnen dann aber ganz leicht etwas nachn\u00e4hen.<\/p>\n<p>Aufgeb\u00fcgelte Patches l\u00f6sen sind dagegen beim Waschen etwas leichter. Insbesondere Spitzen oder R\u00e4nder der Aufn\u00e4her gehen mit der Zeit (und nach mehrmaligem Waschen) irgendwann ab, weil der Textilkleber dieser Aufn\u00e4her nachl\u00e4sst.<\/p>\n<p>Aber auch dieses Problem l\u00e4sst sich ganz leicht l\u00f6sen: Kaufen Sie im Handel einfach eine kleine Tube Textilkleber und kleben Sie den Aufn\u00e4her an den gel\u00f6sten Stellen wieder nach.<\/p>\n<h2 id=\"farben-erhalten\">Wie bleiben die Farben beim Waschen am besten erhalten?<\/h2>\n<p>Ein wichtiger Aspekt zum Erhalt der Farben Ihres Aufn\u00e4hers ist die Wahl des Waschmittels. Verzichten Sie daher auf Vollwaschmittel. In diesen sind oft Bleichmittel und Aufheller enthalten, die dann die Farben der Textilien (und eben auch der Aufn\u00e4her) angreifen k\u00f6nnen. Vollwaschmittel wirken zwar gut gegen farbige Flecken und Vergilben, greifen aber nat\u00fcrlich auch die normalen Farben etwas st\u00e4rker an.<\/p>\n<p>Viel besser f\u00fcr Aufn\u00e4her sind auf jeden Fall Feinwaschmittel. Sie enthalten solche Bleichmittel und Aufheller nicht und waschen daher farbige Stoffe schonender.<\/p>\n<p>Am allerbesten sind aber Buntwaschmittel (auch Colorwaschmittel genannt). Diese haben so genannte Farb\u00fcbertragungsinhibitoren und sind daher f\u00fcr bunte W\u00e4sche (au\u00dfer Seide oder Wolle!) am sinnvollsten. Auch f\u00fcr Aufn\u00e4her bzw. Patches sind Buntwaschmittel am besten geeignet.<\/p>\n<p>Neben der Wahl des Waschmittels ist aber auch wichtig, welche anderen Textilien gleichzeitig mit dem Aufn\u00e4her in die Trommel der Waschmaschine kommen. Oft passiert es, dass ein anderes Kleidungsst\u00fcck Farbe abgibt und sich diese Farbe dann an allen Textilien in der Trommel festsetzt. Das verf\u00e4rbt Ihren Aufn\u00e4her dann oder verschleiert die Farben.<\/p>\n<p>Neue, zum ersten mal zu waschende Kleidung aber auch schon \u00e4ltere Kleidung mit intensiveren Farben daher niemals gemeinsam mit Aufn\u00e4hern und Patches waschen. Und Buntwaschmittel helfen auch wieder zus\u00e4tzlich gegen die \u00dcbertragung der Farben von einem Stoff zum n\u00e4chsten.<\/p>\n<h3 id=\"bleichende-zusaetze\">Auf bleichende Zus\u00e4tze verzichten<\/h3>\n<p>Verzichten Sie f\u00fcr alle Textilien mit Aufn\u00e4hern unbedingt auf den Einsatz von bleichenden Mitteln und Zus\u00e4tzen wie Chlor und \u00c4hnlichem. Sie w\u00fcrden die Farben des Aufn\u00e4hers nur unn\u00f6tig schw\u00e4chen und sch\u00e4digen.<\/p>\n<h3 id=\"chemische-reinigung\">Chemische Reinigung?<\/h3>\n<p>Prinzipiell ist eine chemische Reinigung der mit Aufn\u00e4hern versehenen Textilien durchaus m\u00f6glich. Allerdings sollten Sie kl\u00e4ren, dass nicht dort Bleichmittel eingesetzt werden.<\/p>\n<p>Wer auf Nummer sicher gehen will, w\u00e4scht daher lieber selbst.<\/p>\n<h2 id=\"richtig-waschen\">Waschen ja &#8211; aber richtig<\/h2>\n<p>Sie sehen: Aufn\u00e4her kann man auf jeden Fall waschen. Man sollte aber bei Textilien, auf denen solche Patches angebracht sind, unbedingt auf Temperatur und gew\u00e4hltes Waschmittel achten sowie mechanische Belastung z.B. durch W\u00e4schenetze verringern. Dann haben Sie auch lange Freude an Ihrer Aufn\u00e4hern.<\/p>\n<p>&nbsp;<\/p>\n","protected":false},"excerpt":{"rendered":"<p>Wir k\u00f6nnten es uns hier einfach machen und die Frage aus der \u00dcberschrift einfach nur mit &#8222;ja&#8220; beantworten. Wir wollen aber, dass Sie m\u00f6glichst lange Freude an Ihren Aufn\u00e4hern haben und deshalb finden Sie im Folgenden noch ein paar mehr Details und Besonderheiten zum Waschen von Aufn\u00e4hern bzw. Patches. Achtung: F\u00fcr (eher seltenere) Aufn\u00e4her auf [&hellip;]<\/p>\n","protected":false},"author":2,"featured_media":310,"comment_status":"open","ping_status":"open","sticky":false,"template":"","format":"standard","meta":{"footnotes":""},"categories":[1],"tags":[10,9,13],"class_list":["post-303","post","type-post","status-publish","format-standard","has-post-thumbnail","hentry","category-allgemein","tag-farben","tag-herstellungsart","tag-pflege"],"yoast_head":"<!-- This site is optimized with the Yoast SEO Premium plugin v20.12 (Yoast SEO v26.0) - https:\/\/yoast.com\/wordpress\/plugins\/seo\/ -->\n<title>Kann man Aufn\u00e4her waschen?<\/title>\n<meta name=\"robots\" content=\"index, follow, max-snippet:-1, max-image-preview:large, max-video-preview:-1\" \/>\n<link rel=\"canonical\" href=\"https:\/\/www.aufnaeher.de\/magazin\/aufnaeher-waschen\/\" \/>\n<meta property=\"og:locale\" content=\"de_DE\" \/>\n<meta property=\"og:type\" content=\"article\" \/>\n<meta property=\"og:title\" content=\"Kann man Aufn\u00e4her waschen?\" \/>\n<meta property=\"og:description\" content=\"Wir k\u00f6nnten es uns hier einfach machen und die Frage aus der \u00dcberschrift einfach nur mit &#8222;ja&#8220; beantworten. Wir wollen aber, dass Sie m\u00f6glichst lange Freude an Ihren Aufn\u00e4hern haben und deshalb finden Sie im Folgenden noch ein paar mehr Details und Besonderheiten zum Waschen von Aufn\u00e4hern bzw. Patches. Achtung: F\u00fcr (eher seltenere) Aufn\u00e4her auf [&hellip;]\" \/>\n<meta property=\"og:url\" content=\"https:\/\/www.aufnaeher.de\/magazin\/aufnaeher-waschen\/\" \/>\n<meta property=\"og:site_name\" content=\"Aufn\u00e4her Magazin\" \/>\n<meta property=\"article:published_time\" content=\"2020-07-05T11:56:43+00:00\" \/>\n<meta property=\"article:modified_time\" content=\"2025-10-01T10:31:49+00:00\" \/>\n<meta property=\"og:image\" content=\"https:\/\/www.aufnaeher.de\/magazin\/wp-content\/uploads\/aufnaeher_waschen.jpg\" \/>\n\t<meta property=\"og:image:width\" content=\"800\" \/>\n\t<meta property=\"og:image:height\" content=\"688\" \/>\n\t<meta property=\"og:image:type\" content=\"image\/jpeg\" \/>\n<meta name=\"author\" content=\"aufnaeheradmin\" \/>\n<meta name=\"twitter:card\" content=\"summary_large_image\" \/>\n<meta name=\"twitter:label1\" content=\"Verfasst von\" \/>\n\t<meta name=\"twitter:data1\" content=\"aufnaeheradmin\" \/>\n\t<meta name=\"twitter:label2\" content=\"Gesch\u00e4tzte Lesezeit\" \/>\n\t<meta name=\"twitter:data2\" content=\"5\u00a0Minuten\" \/>\n<script type=\"application\/ld+json\" class=\"yoast-schema-graph\">{\"@context\":\"https:\/\/schema.org\",\"@graph\":[{\"@type\":\"WebPage\",\"@id\":\"https:\/\/www.aufnaeher.de\/magazin\/aufnaeher-waschen\/\",\"url\":\"https:\/\/www.aufnaeher.de\/magazin\/aufnaeher-waschen\/\",\"name\":\"Kann man Aufn\u00e4her waschen?\",\"isPartOf\":{\"@id\":\"https:\/\/www.aufnaeher.de\/magazin\/#website\"},\"primaryImageOfPage\":{\"@id\":\"https:\/\/www.aufnaeher.de\/magazin\/aufnaeher-waschen\/#primaryimage\"},\"image\":{\"@id\":\"https:\/\/www.aufnaeher.de\/magazin\/aufnaeher-waschen\/#primaryimage\"},\"thumbnailUrl\":\"https:\/\/www.aufnaeher.de\/magazin\/wp-content\/uploads\/aufnaeher_waschen.jpg\",\"datePublished\":\"2020-07-05T11:56:43+00:00\",\"dateModified\":\"2025-10-01T10:31:49+00:00\",\"author\":{\"@id\":\"https:\/\/www.aufnaeher.de\/magazin\/#\/schema\/person\/42aa4dd2ba41143f48fef9a111b5b36d\"},\"breadcrumb\":{\"@id\":\"https:\/\/www.aufnaeher.de\/magazin\/aufnaeher-waschen\/#breadcrumb\"},\"inLanguage\":\"de\",\"potentialAction\":[{\"@type\":\"ReadAction\",\"target\":[\"https:\/\/www.aufnaeher.de\/magazin\/aufnaeher-waschen\/\"]}]},{\"@type\":\"ImageObject\",\"inLanguage\":\"de\",\"@id\":\"https:\/\/www.aufnaeher.de\/magazin\/aufnaeher-waschen\/#primaryimage\",\"url\":\"https:\/\/www.aufnaeher.de\/magazin\/wp-content\/uploads\/aufnaeher_waschen.jpg\",\"contentUrl\":\"https:\/\/www.aufnaeher.de\/magazin\/wp-content\/uploads\/aufnaeher_waschen.jpg\",\"width\":800,\"height\":688,\"caption\":\"Aufn\u00e4her waschen\"},{\"@type\":\"BreadcrumbList\",\"@id\":\"https:\/\/www.aufnaeher.de\/magazin\/aufnaeher-waschen\/#breadcrumb\",\"itemListElement\":[{\"@type\":\"ListItem\",\"position\":1,\"name\":\"Magazin\",\"item\":\"https:\/\/www.aufnaeher.de\/magazin\/\"},{\"@type\":\"ListItem\",\"position\":2,\"name\":\"Kann man Aufn\u00e4her waschen?\"}]},{\"@type\":\"WebSite\",\"@id\":\"https:\/\/www.aufnaeher.de\/magazin\/#website\",\"url\":\"https:\/\/www.aufnaeher.de\/magazin\/\",\"name\":\"Aufn\u00e4her Magazin\",\"description\":\"Wissenswertes \u00fcber Aufn\u00e4her\",\"potentialAction\":[{\"@type\":\"SearchAction\",\"target\":{\"@type\":\"EntryPoint\",\"urlTemplate\":\"https:\/\/www.aufnaeher.de\/magazin\/?s={search_term_string}\"},\"query-input\":{\"@type\":\"PropertyValueSpecification\",\"valueRequired\":true,\"valueName\":\"search_term_string\"}}],\"inLanguage\":\"de\"},{\"@type\":\"Person\",\"@id\":\"https:\/\/www.aufnaeher.de\/magazin\/#\/schema\/person\/42aa4dd2ba41143f48fef9a111b5b36d\",\"name\":\"aufnaeheradmin\",\"image\":{\"@type\":\"ImageObject\",\"inLanguage\":\"de\",\"@id\":\"https:\/\/www.aufnaeher.de\/magazin\/#\/schema\/person\/image\/\",\"url\":\"https:\/\/secure.gravatar.com\/avatar\/87871f34e68fada81c8b2d10de871853f840bd8f0ad7aff2ea65fb4c2a471f27?s=96&d=mm&r=g\",\"contentUrl\":\"https:\/\/secure.gravatar.com\/avatar\/87871f34e68fada81c8b2d10de871853f840bd8f0ad7aff2ea65fb4c2a471f27?s=96&d=mm&r=g\",\"caption\":\"aufnaeheradmin\"},\"url\":\"https:\/\/www.aufnaeher.de\/magazin\/author\/aufnaeheradmin\/\"}]}<\/script>\n<!-- \/ Yoast SEO Premium plugin. -->","yoast_head_json":{"title":"Kann man Aufn\u00e4her waschen?","robots":{"index":"index","follow":"follow","max-snippet":"max-snippet:-1","max-image-preview":"max-image-preview:large","max-video-preview":"max-video-preview:-1"},"canonical":"https:\/\/www.aufnaeher.de\/magazin\/aufnaeher-waschen\/","og_locale":"de_DE","og_type":"article","og_title":"Kann man Aufn\u00e4her waschen?","og_description":"Wir k\u00f6nnten es uns hier einfach machen und die Frage aus der \u00dcberschrift einfach nur mit &#8222;ja&#8220; beantworten. Wir wollen aber, dass Sie m\u00f6glichst lange Freude an Ihren Aufn\u00e4hern haben und deshalb finden Sie im Folgenden noch ein paar mehr Details und Besonderheiten zum Waschen von Aufn\u00e4hern bzw. Patches. Achtung: F\u00fcr (eher seltenere) Aufn\u00e4her auf [&hellip;]","og_url":"https:\/\/www.aufnaeher.de\/magazin\/aufnaeher-waschen\/","og_site_name":"Aufn\u00e4her Magazin","article_published_time":"2020-07-05T11:56:43+00:00","article_modified_time":"2025-10-01T10:31:49+00:00","og_image":[{"width":800,"height":688,"url":"https:\/\/www.aufnaeher.de\/magazin\/wp-content\/uploads\/aufnaeher_waschen.jpg","type":"image\/jpeg"}],"author":"aufnaeheradmin","twitter_card":"summary_large_image","twitter_misc":{"Verfasst von":"aufnaeheradmin","Gesch\u00e4tzte Lesezeit":"5\u00a0Minuten"},"schema":{"@context":"https:\/\/schema.org","@graph":[{"@type":"WebPage","@id":"https:\/\/www.aufnaeher.de\/magazin\/aufnaeher-waschen\/","url":"https:\/\/www.aufnaeher.de\/magazin\/aufnaeher-waschen\/","name":"Kann man Aufn\u00e4her waschen?","isPartOf":{"@id":"https:\/\/www.aufnaeher.de\/magazin\/#website"},"primaryImageOfPage":{"@id":"https:\/\/www.aufnaeher.de\/magazin\/aufnaeher-waschen\/#primaryimage"},"image":{"@id":"https:\/\/www.aufnaeher.de\/magazin\/aufnaeher-waschen\/#primaryimage"},"thumbnailUrl":"https:\/\/www.aufnaeher.de\/magazin\/wp-content\/uploads\/aufnaeher_waschen.jpg","datePublished":"2020-07-05T11:56:43+00:00","dateModified":"2025-10-01T10:31:49+00:00","author":{"@id":"https:\/\/www.aufnaeher.de\/magazin\/#\/schema\/person\/42aa4dd2ba41143f48fef9a111b5b36d"},"breadcrumb":{"@id":"https:\/\/www.aufnaeher.de\/magazin\/aufnaeher-waschen\/#breadcrumb"},"inLanguage":"de","potentialAction":[{"@type":"ReadAction","target":["https:\/\/www.aufnaeher.de\/magazin\/aufnaeher-waschen\/"]}]},{"@type":"ImageObject","inLanguage":"de","@id":"https:\/\/www.aufnaeher.de\/magazin\/aufnaeher-waschen\/#primaryimage","url":"https:\/\/www.aufnaeher.de\/magazin\/wp-content\/uploads\/aufnaeher_waschen.jpg","contentUrl":"https:\/\/www.aufnaeher.de\/magazin\/wp-content\/uploads\/aufnaeher_waschen.jpg","width":800,"height":688,"caption":"Aufn\u00e4her waschen"},{"@type":"BreadcrumbList","@id":"https:\/\/www.aufnaeher.de\/magazin\/aufnaeher-waschen\/#breadcrumb","itemListElement":[{"@type":"ListItem","position":1,"name":"Magazin","item":"https:\/\/www.aufnaeher.de\/magazin\/"},{"@type":"ListItem","position":2,"name":"Kann man Aufn\u00e4her waschen?"}]},{"@type":"WebSite","@id":"https:\/\/www.aufnaeher.de\/magazin\/#website","url":"https:\/\/www.aufnaeher.de\/magazin\/","name":"Aufn\u00e4her Magazin","description":"Wissenswertes \u00fcber Aufn\u00e4her","potentialAction":[{"@type":"SearchAction","target":{"@type":"EntryPoint","urlTemplate":"https:\/\/www.aufnaeher.de\/magazin\/?s={search_term_string}"},"query-input":{"@type":"PropertyValueSpecification","valueRequired":true,"valueName":"search_term_string"}}],"inLanguage":"de"},{"@type":"Person","@id":"https:\/\/www.aufnaeher.de\/magazin\/#\/schema\/person\/42aa4dd2ba41143f48fef9a111b5b36d","name":"aufnaeheradmin","image":{"@type":"ImageObject","inLanguage":"de","@id":"https:\/\/www.aufnaeher.de\/magazin\/#\/schema\/person\/image\/","url":"https:\/\/secure.gravatar.com\/avatar\/87871f34e68fada81c8b2d10de871853f840bd8f0ad7aff2ea65fb4c2a471f27?s=96&d=mm&r=g","contentUrl":"https:\/\/secure.gravatar.com\/avatar\/87871f34e68fada81c8b2d10de871853f840bd8f0ad7aff2ea65fb4c2a471f27?s=96&d=mm&r=g","caption":"aufnaeheradmin"},"url":"https:\/\/www.aufnaeher.de\/magazin\/author\/aufnaeheradmin\/"}]}},"_links":{"self":[{"href":"https:\/\/www.aufnaeher.de\/magazin\/wp-json\/wp\/v2\/posts\/303","targetHints":{"allow":["GET"]}}],"collection":[{"href":"https:\/\/www.aufnaeher.de\/magazin\/wp-json\/wp\/v2\/posts"}],"about":[{"href":"https:\/\/www.aufnaeher.de\/magazin\/wp-json\/wp\/v2\/types\/post"}],"author":[{"embeddable":true,"href":"https:\/\/www.aufnaeher.de\/magazin\/wp-json\/wp\/v2\/users\/2"}],"replies":[{"embeddable":true,"href":"https:\/\/www.aufnaeher.de\/magazin\/wp-json\/wp\/v2\/comments?post=303"}],"version-history":[{"count":1,"href":"https:\/\/www.aufnaeher.de\/magazin\/wp-json\/wp\/v2\/posts\/303\/revisions"}],"predecessor-version":[{"id":1167,"href":"https:\/\/www.aufnaeher.de\/magazin\/wp-json\/wp\/v2\/posts\/303\/revisions\/1167"}],"wp:featuredmedia":[{"embeddable":true,"href":"https:\/\/www.aufnaeher.de\/magazin\/wp-json\/wp\/v2\/media\/310"}],"wp:attachment":[{"href":"https:\/\/www.aufnaeher.de\/magazin\/wp-json\/wp\/v2\/media?parent=303"}],"wp:term":[{"taxonomy":"category","embeddable":true,"href":"https:\/\/www.aufnaeher.de\/magazin\/wp-json\/wp\/v2\/categories?post=303"},{"taxonomy":"post_tag","embeddable":true,"href":"https:\/\/www.aufnaeher.de\/magazin\/wp-json\/wp\/v2\/tags?post=303"}],"curies":[{"name":"wp","href":"https:\/\/api.w.org\/{rel}","templated":true}]}}