{"id":312,"date":"2020-07-07T15:41:51","date_gmt":"2020-07-07T13:41:51","guid":{"rendered":"https:\/\/www.aufnaeher.de\/magazin\/?p=312"},"modified":"2025-10-01T12:29:46","modified_gmt":"2025-10-01T10:29:46","slug":"aufnaeher-aufbuegeln-oder-aufnaehen","status":"publish","type":"post","link":"https:\/\/www.aufnaeher.de\/magazin\/aufnaeher-aufbuegeln-oder-aufnaehen\/","title":{"rendered":"Aufn\u00e4her aufb\u00fcgeln oder aufn\u00e4hen? Aufn\u00e4her richtig anbringen."},"content":{"rendered":"<p>Was ist besser: Aufn\u00e4her aufb\u00fcgeln oder sie aufn\u00e4hen? Das ist gar nicht so einfach und pauschal zu beantworten, denn beides hat seine Vorteile als auch Nachteile. Und dann gibt es ja noch die (allerdings seltener genutzte) Alternative eines <a href=\"https:\/\/www.aufnaeher.de\/magazin\/klett-aufnaeher-die-besondere-art-der-anbringung\/\">Klettverschlusses<\/a>. Wir wollen Ihnen hier helfen, die Entscheidung zwischen Aufn\u00e4hen und Aufb\u00fcgeln Ihrer Patches zu treffen &#8211; das gilt sowohl f\u00fcr gestickte Aufn\u00e4her (ab 20 St\u00fcck mit eigenem Motiv &#8211; hier <a href=\"https:\/\/www.aufnaeher.de\/gestickte-aufnaeher\/\">Preisrechner<\/a>) als auch f\u00fcr gewebte oder gedruckte Herstellung.<\/p>\n<h2 id=\"unterschiede\">Aufb\u00fcgeln versus Aufn\u00e4hen von Aufn\u00e4hern<\/h2>\n<p>Einen schnellen \u00dcberblick \u00fcber alle Vorteile und Nachteile der beiden Anbringungsarten gibt Ihnen die folgende Tabelle.<\/p>\n<table border=\"1\">\n<tbody>\n<tr>\n<th><\/th>\n<th style=\"padding: 5px;\">Aufn\u00e4hen<\/th>\n<th style=\"padding: 5px;\">Aufb\u00fcgeln<\/th>\n<\/tr>\n<tr>\n<td style=\"vertical-align: top; padding: 5px;\"><strong>Prinzip<\/strong><\/td>\n<td style=\"vertical-align: top; padding: 5px;\">N\u00e4hfaden h\u00e4lt den Aufn\u00e4her<\/td>\n<td style=\"vertical-align: top; padding: 5px;\">Textilkleber klebt Aufkleber an<br \/>\n<span style=\"font-size: 80%;\">(durch Hitze des B\u00fcgeleisens)<\/span><\/td>\n<\/tr>\n<tr>\n<td style=\"vertical-align: top; padding: 5px;\"><strong>Eignung Stoffuntergrund<\/strong><br \/>\n<span style=\"font-size: 80%;\">(auf den der Aufn\u00e4her angebracht wird)<\/span><\/td>\n<td style=\"vertical-align: top; padding: 5px;\">die meisten Stoffarten<br \/>\n<span style=\"font-size: 80%;\">(<b>NICHT<\/b> Textilien mit Folie, wie wasserdichte Jacken oder Funktionstextilien wie Goretex, \u2026)<\/span><\/td>\n<td style=\"vertical-align: top; padding: 5px;\">nur auf Baumwolle und Mischgewebe mit hohem Baumwollanteil<br \/>\n<span style=\"font-size: 80%;\">(auch <b>NICHT<\/b> f\u00fcr Polyester, Nylon oder Seide sowie Funktionstextilien geeignet!)<\/span><\/td>\n<\/tr>\n<tr>\n<td style=\"vertical-align: top; padding: 5px;\"><strong>Aufwand<\/strong><\/td>\n<td style=\"vertical-align: top; padding: 5px;\">je nach Ge\u00fcbtheit: N\u00e4hen vieler Stiche<\/td>\n<td style=\"vertical-align: top; padding: 5px;\">B\u00fcgeln ist meist einfacher<\/td>\n<\/tr>\n<tr>\n<td style=\"vertical-align: top; padding: 5px;\"><strong>Wieder-Abl\u00f6sen<\/strong><\/td>\n<td style=\"vertical-align: top; padding: 5px;\">kein Problem<\/td>\n<td style=\"vertical-align: top; padding: 5px;\">kaum m\u00f6glich<br \/>\n<span style=\"font-size: 80%;\">(da geklebt mit Textilkleber)<\/span><\/td>\n<\/tr>\n<tr>\n<td style=\"padding: 5px;\"><strong>Festigkeit<\/strong><\/td>\n<td style=\"padding: 5px;\">sehr hoch<\/td>\n<td style=\"padding: 5px;\">hoch<\/td>\n<\/tr>\n<tr>\n<td style=\"padding: 5px;\"><strong>Dauerhaftigkeit<\/strong><\/td>\n<td style=\"padding: 5px;\">sehr hoch<\/td>\n<td style=\"padding: 5px;\">hoch<\/td>\n<\/tr>\n<tr>\n<td style=\"vertical-align: top; padding: 5px;\"><strong>Aufn\u00e4her mit Spitzen<\/strong><br \/>\n<span style=\"font-size: 80%;\">(in der Au\u00dfenform)<\/span><\/td>\n<td style=\"vertical-align: top; padding: 5px;\">kein Problem<\/td>\n<td style=\"vertical-align: top; padding: 5px;\">Spitzen l\u00f6sen sich leichter<\/td>\n<\/tr>\n<tr>\n<td style=\"vertical-align: top; padding: 5px;\"><strong>Anleitungen \/ So geht&#8217;s<\/strong><\/td>\n<td style=\"vertical-align: top; padding: 5px;\">Anleitung &#8222;<a href=\"https:\/\/www.aufnaeher.de\/magazin\/aufnaeher-richtig-aufnaehen\/\">Aufn\u00e4her aufn\u00e4hen<\/a>&#8222;<\/td>\n<td style=\"vertical-align: top; padding: 5px;\">Anleitung &#8222;<a href=\"https:\/\/www.aufnaeher.de\/magazin\/aufnaeher-aufbuegeln\/\">Aufn\u00e4her aufb\u00fcgeln<\/a>&#8222;<\/td>\n<\/tr>\n<\/tbody>\n<\/table>\n<style>@media only screen and (min-width: 768px) { #magazin-werbebox { float: right; width: 480px; border: solid 1px black; padding: 10px; background-color:#efefef; box-shadow:5px 5px 5px; lightgrey } .magazin-werbebox-bild {float: right; border:solid 1px grey; width:176px; height: 260px} } @media only screen and (max-width: 767px) { #magazin-werbebox { float: right; width: 95%; border: solid 1px black; padding: 10px; background-color:#efefef; box-shadow:5px 5px 5px; lightgrey; font-size: 80% } .magazin-werbebox-bild {float: right; border:solid 1px grey; width:88px; height: 130px} } <\/style>\n<div id=\"magazin-werbebox\">\n<p><a href=\"https:\/\/www.aufnaeher.de\/gestickte-aufnaeher\/\"><img fetchpriority=\"high\" decoding=\"async\" width=\"353\" height=\"520\" class=\"alignright size-full wp-image-618 magazin-werbebox-bild\" src=\"https:\/\/neu.aufnaeher.de\/magazin\/dateien\/preisrechner-gestickte-aufnaeher-20200917.png\" alt=\"Screenshot des Preisrechners f\u00fcr gestickte Aufn\u00e4her\" srcset=\"https:\/\/www.aufnaeher.de\/magazin\/wp-content\/uploads\/preisrechner-gestickte-aufnaeher-20200917.png 353w, https:\/\/www.aufnaeher.de\/magazin\/wp-content\/uploads\/preisrechner-gestickte-aufnaeher-20200917-204x300.png 204w\" sizes=\"(max-width: 353px) 100vw, 353px\" \/><\/a><\/p>\n<p><b>Tipp: Preis f\u00fcr Aufn\u00e4her\/Aufb\u00fcgler mit Ihrem eigenen Motiv ermitteln<\/b><\/p>\n<p>Was kosten Aufn\u00e4her mit Wunschmotiv in von Ihnen vorgegebener Gr\u00f6\u00dfe und Form? Jetzt Preis einfach mit unserem Online-Preisrechner ermitteln.<\/p>\n<p><a href=\"https:\/\/www.aufnaeher.de\/gestickte-aufnaeher\/\">zum Online-Kalkulator (Aufn\u00e4her-Preise)<\/a><\/p>\n<\/div>\n<h2 id=\"nur-baumwolle-buegeln\">B\u00fcgeln nur bei Baumwoll-Untergrund<\/h2>\n<p>Der Untergrund, auf den ein Aufn\u00e4her oder Patch angebracht werden soll, ist schon mal entscheidend. Denn Aufb\u00fcgeln geht ausschlie\u00dflich auf Baumwolle und Mischgewebe mit hohem Baumwollanteil. Polyester oder Nylon sind ABSOLUT UNGEEIGNET f\u00fcr das Aufb\u00fcgeln von Aufn\u00e4hern.<\/p>\n<p>Der Grund: Aufn\u00e4her mit B\u00fcgelfl\u00e4che sind mit einem Textilkleber beschichtet. Dieser wird beim B\u00fcgeln erhitzt, schmilzt und klebt den Aufn\u00e4her auf den Untergrund. Baumwolle h\u00e4lt diese Temperatur ohne weiteres aus, aber Polyester, Nylon, etc. w\u00fcrden durch die B\u00fcgelhitze Schaden nehmen. Und f\u00fcr Leder sind die verwendeten Textilkleber nicht ausgelegt (sie kleben zwar erstmal etwas, aber auf Dauer geht das nicht gut \u2013 und: auf keinen Fall bei Kunstleder versuchen, das w\u00fcrde auf jeden Fall Schaden nehmen).<\/p>\n<p>Au\u00dferdem: der Untergrund muss zum Aufb\u00fcgeln flach liegen. Das ist bei dicken Winterjacken und \u00e4hnlichen Untergr\u00fcnden leider nicht m\u00f6glich und auch der notwendige Druck f\u00fcr das Aufb\u00fcgeln wird hier nicht erreicht. Daher muss bei solchen Textilien ebenfalls auf das Aufb\u00fcgeln verzichtet werden.<br \/>\n&amp;lt;h3id=&#8220;wann-nicht-aufnaehen&#8220;&gt;Aufn\u00e4hen geht meistens \u2013 aber auch nicht immer<\/p>\n<p>Aufn\u00e4her aufn\u00e4hen geht auf dem meisten Stoffen. Allerdings: wasserdichte Jacken oder Goretex enthalten eine Folie. Diese w\u00fcrde durch das Aufn\u00e4hen besch\u00e4digt und damit w\u00e4re das Kleidungsst\u00fcck unwiderruflich nicht mehr in Ordnung.<\/p>\n<p>Deshalb f\u00fcr solche speziellen Textilien am besten ganz auf Aufn\u00e4her verzichten.<\/p>\n<h2 id=\"wieder-entfernbarkeit\">Nur gen\u00e4hte Aufn\u00e4her k\u00f6nnen wieder entfernt werden<\/h2>\n<p>Ein Aufn\u00e4her soll vielleicht auch wieder einmal entfernt werden. Sei es, weil das Kind schnell gewachsen ist und er auf das Kleidungsst\u00fcck in der n\u00e4chsten Gr\u00f6\u00dfe \u00fcbernommen werden soll, oder sei es, weil ein Kleidungsst\u00fcck ausrangiert wird und man den Aufn\u00e4her aber behalten m\u00f6chte. Oder eben einfach, weil er einem irgendwann nicht mehr gef\u00e4llt.<\/p>\n<p>Aber nur aufgen\u00e4hte Aufn\u00e4her lassen sich wieder ohne Probleme abnehmen. Einfach mit einer kleinen Schere den N\u00e4hfaden trennen und schon ist der Aufn\u00e4her ab.<\/p>\n<p>Bei aufgeb\u00fcgelten Aufn\u00e4hern ist ein Entfernen so gut wie nicht m\u00f6glich. Man findet zwar im Internet Tricks wie das Einfrieren (weil dann der Textilkleber nicht mehr so richtig h\u00e4lt), aber so richtig funktioniert das meist nicht und der Untergrundstoff ist fast immer besch\u00e4digt und nicht mehr sch\u00f6n. Kurz: Aufn\u00e4her, die irgendwann mal wieder ab sollen, auf keinen Fall aufb\u00fcgeln &#8211; da lohnt sich der Aufwand mit aufn\u00e4hen.<\/p>\n<p>M\u00fcssen Patches an einer bestimmten Stelle regelm\u00e4\u00dfig ausgewechselt werden, ist \u00fcbrigens <a href=\"https:\/\/www.aufnaeher.de\/magazin\/klett-aufnaeher-die-besondere-art-der-anbringung\/\">die Klettanbringung<\/a> die beste Art.<\/p>\n<h2 id=\"sicherheit-halbarkeit\">Aufb\u00fcgeln ist einfacher, Aufn\u00e4hen ist sicherer<\/h2>\n<p>Viele Aufn\u00e4her werden einfach deshalb aufgeb\u00fcgelt, weil es einfach ist und schneller geht. Nadel und Faden sind zwar nicht f\u00fcr Jeden und Jede geeignet, machen den Aufn\u00e4her aber sicherer fest.<\/p>\n<p>Damit ist Aufb\u00fcgeln eindeutig einfacher, Aufn\u00e4hen stabiler, h\u00e4lt l\u00e4nger und ist wieder abl\u00f6sbar. Und gerade, wenn der Aufn\u00e4her Spitzen oder schmale Formen hat, ist Aufn\u00e4hen eindeutig besser.<\/p>\n<p>Aber eine pauschale Empfehlung kann man nicht geben: es h\u00e4ngt eben davon ab, wie wichtig die verschiedenen Vorteil und Nachteile f\u00fcr Sie pers\u00f6nlich sind.<\/p>\n<h2 id=\"vorteile-zweifachanbringung\">B\u00fcgeln UND N\u00e4hen? Hat auch Vorteile<\/h2>\n<p>Lohnt es sich, Aufn\u00e4her sowohl aufzub\u00fcgeln und dann noch dazu anzun\u00e4hen? Ja, das kann durchaus sinnvoll sein. Denn durch das Aufb\u00fcgeln verbindet sich der Aufn\u00e4her vollfl\u00e4chig mit dem darunter liegenden Stoff. Gerade bei den etwas feineren, gewebten oder gedruckten Aufn\u00e4hern ist das von Vorteil. Der Grundstoff und der Aufn\u00e4her k\u00f6nnen sich so besser gemeinsam bewegen und eine Einheit bilden. Dazu sichert dann ein zus\u00e4tzlicher N\u00e4hfaden die Kanten, so dass diese sich nicht so leicht l\u00f6sen und sich auch weniger abnutzen.<\/p>\n<p>Aufb\u00fcgeln und Aufn\u00e4hen k\u00f6nnen also manchmal sogar die Vorteile beider Seiten vereinen &#8211; auch wenn es nat\u00fcrlich doppelt Aufwand macht.<\/p>\n<h2 id=\"klett\">Anbringungs-Alternative Klett?<\/h2>\n<p>Aufn\u00e4her ran, Aufn\u00e4her ab. Heute dieser Aufn\u00e4her und morgen jener. Das geht, wenn Sie <a href=\"https:\/\/www.aufnaeher.de\/klett-aufnaeher\/\">Aufn\u00e4her mit Klett befestigen<\/a>. Allerdings: auch bei einem Klettverschluss kann zwar der Patch mit dem Klett-Teil leicht abgenommen werden, aber das flauschige Befestigungsteil trotzdem immer erst einmal angen\u00e4ht werden.<\/p>\n<h2 id=\"textilkleber\">Notfalls: Textilkleber als Alternative<\/h2>\n<p>Eine letzte Anbringungsart soll hier aber noch erw\u00e4hnt werden: fl\u00fcssige Textilkleber. Diese haben gegen\u00fcber B\u00fcgelfl\u00e4chen den Vorteil, dass keine Hitze eines B\u00fcgeleisens ben\u00f6tigt wird. Vielmehr m\u00fcssen Aufn\u00e4her und Untergrund nur fest aufeinander gepresst werden. Damit kann man also auch Aufn\u00e4her auf Polyester oder Nylon anbringen, ohne zu n\u00e4hen. Oder sie aufkleben, wenn man vergessen hat, die B\u00fcgelfl\u00e4che mit zu bestellen.<\/p>\n<p>Allerdings bleibt das eine Notl\u00f6sung. Solche Kleber enthalten L\u00f6sungsmittel, die empfindliche Stoffe angreifen.<\/p>\n<p>Daher \u00e4u\u00dferste Vorsicht bei der Anwendung.\u00a0Die Nachteile bleiben wie beim Aufb\u00fcgeln aber bestehen: die Aufn\u00e4her lassen sich nicht abl\u00f6sen bzw. der Untergrundstoff w\u00fcrde dabei besch\u00e4digt werden und die Stabilit\u00e4t ist beim Aufn\u00e4hen von Aufn\u00e4hern einfach besser.<\/p>\n","protected":false},"excerpt":{"rendered":"<p>Was ist besser: Aufn\u00e4her aufb\u00fcgeln oder sie aufn\u00e4hen? Das ist gar nicht so einfach und pauschal zu beantworten, denn beides hat seine Vorteile als auch Nachteile. Und dann gibt es ja noch die (allerdings seltener genutzte) Alternative eines Klettverschlusses. Wir wollen Ihnen hier helfen, die Entscheidung zwischen Aufn\u00e4hen und Aufb\u00fcgeln Ihrer Patches zu treffen &#8211; [&hellip;]<\/p>\n","protected":false},"author":2,"featured_media":749,"comment_status":"open","ping_status":"open","sticky":false,"template":"","format":"standard","meta":{"footnotes":""},"categories":[5],"tags":[4],"class_list":["post-312","post","type-post","status-publish","format-standard","has-post-thumbnail","hentry","category-aufnaeher-wissen","tag-anbringung"],"yoast_head":"<!-- This site is optimized with the Yoast SEO Premium plugin v20.12 (Yoast SEO v26.0) - https:\/\/yoast.com\/wordpress\/plugins\/seo\/ -->\n<title>Aufn\u00e4her anbringen: aufn\u00e4hen oder aufb\u00fcgeln? Eine Entscheidungshilfe<\/title>\n<meta name=\"description\" content=\"Aufn\u00e4her aufn\u00e4hen oder aufb\u00fcgeln? Entscheidungshilfe, Vor- &amp; Nachteile, viele beachtenswerte Kriterien und wichtige Tipps - mit gro\u00dfer Info-Tabelle\" \/>\n<meta name=\"robots\" content=\"index, follow, max-snippet:-1, max-image-preview:large, max-video-preview:-1\" \/>\n<link rel=\"canonical\" href=\"https:\/\/www.aufnaeher.de\/magazin\/aufnaeher-aufbuegeln-oder-aufnaehen\/\" \/>\n<meta property=\"og:locale\" content=\"de_DE\" \/>\n<meta property=\"og:type\" content=\"article\" \/>\n<meta property=\"og:title\" content=\"Aufn\u00e4her aufb\u00fcgeln oder aufn\u00e4hen? Aufn\u00e4her richtig anbringen.\" \/>\n<meta property=\"og:description\" content=\"Aufn\u00e4her aufn\u00e4hen oder aufb\u00fcgeln? Entscheidungshilfe, Vor- &amp; Nachteile, viele beachtenswerte Kriterien und wichtige Tipps - mit gro\u00dfer Info-Tabelle\" \/>\n<meta property=\"og:url\" content=\"https:\/\/www.aufnaeher.de\/magazin\/aufnaeher-aufbuegeln-oder-aufnaehen\/\" \/>\n<meta property=\"og:site_name\" content=\"Aufn\u00e4her Magazin\" \/>\n<meta property=\"article:published_time\" content=\"2020-07-07T13:41:51+00:00\" \/>\n<meta property=\"article:modified_time\" content=\"2025-10-01T10:29:46+00:00\" \/>\n<meta property=\"og:image\" content=\"https:\/\/www.aufnaeher.de\/magazin\/wp-content\/uploads\/aufnaeher-selbst-gestalten-800x500-1.jpg\" \/>\n\t<meta property=\"og:image:width\" content=\"800\" \/>\n\t<meta property=\"og:image:height\" content=\"500\" \/>\n\t<meta property=\"og:image:type\" content=\"image\/jpeg\" \/>\n<meta name=\"author\" content=\"aufnaeheradmin\" \/>\n<meta name=\"twitter:card\" content=\"summary_large_image\" \/>\n<meta name=\"twitter:label1\" content=\"Verfasst von\" \/>\n\t<meta name=\"twitter:data1\" content=\"aufnaeheradmin\" \/>\n\t<meta name=\"twitter:label2\" content=\"Gesch\u00e4tzte Lesezeit\" \/>\n\t<meta name=\"twitter:data2\" content=\"6\u00a0Minuten\" \/>\n<script type=\"application\/ld+json\" class=\"yoast-schema-graph\">{\"@context\":\"https:\/\/schema.org\",\"@graph\":[{\"@type\":\"WebPage\",\"@id\":\"https:\/\/www.aufnaeher.de\/magazin\/aufnaeher-aufbuegeln-oder-aufnaehen\/\",\"url\":\"https:\/\/www.aufnaeher.de\/magazin\/aufnaeher-aufbuegeln-oder-aufnaehen\/\",\"name\":\"Aufn\u00e4her anbringen: aufn\u00e4hen oder aufb\u00fcgeln? Eine Entscheidungshilfe\",\"isPartOf\":{\"@id\":\"https:\/\/www.aufnaeher.de\/magazin\/#website\"},\"primaryImageOfPage\":{\"@id\":\"https:\/\/www.aufnaeher.de\/magazin\/aufnaeher-aufbuegeln-oder-aufnaehen\/#primaryimage\"},\"image\":{\"@id\":\"https:\/\/www.aufnaeher.de\/magazin\/aufnaeher-aufbuegeln-oder-aufnaehen\/#primaryimage\"},\"thumbnailUrl\":\"https:\/\/www.aufnaeher.de\/magazin\/wp-content\/uploads\/aufnaeher-selbst-gestalten-800x500-1.jpg\",\"datePublished\":\"2020-07-07T13:41:51+00:00\",\"dateModified\":\"2025-10-01T10:29:46+00:00\",\"author\":{\"@id\":\"https:\/\/www.aufnaeher.de\/magazin\/#\/schema\/person\/42aa4dd2ba41143f48fef9a111b5b36d\"},\"description\":\"Aufn\u00e4her aufn\u00e4hen oder aufb\u00fcgeln? Entscheidungshilfe, Vor- & Nachteile, viele beachtenswerte Kriterien und wichtige Tipps - mit gro\u00dfer Info-Tabelle\",\"breadcrumb\":{\"@id\":\"https:\/\/www.aufnaeher.de\/magazin\/aufnaeher-aufbuegeln-oder-aufnaehen\/#breadcrumb\"},\"inLanguage\":\"de\",\"potentialAction\":[{\"@type\":\"ReadAction\",\"target\":[\"https:\/\/www.aufnaeher.de\/magazin\/aufnaeher-aufbuegeln-oder-aufnaehen\/\"]}]},{\"@type\":\"ImageObject\",\"inLanguage\":\"de\",\"@id\":\"https:\/\/www.aufnaeher.de\/magazin\/aufnaeher-aufbuegeln-oder-aufnaehen\/#primaryimage\",\"url\":\"https:\/\/www.aufnaeher.de\/magazin\/wp-content\/uploads\/aufnaeher-selbst-gestalten-800x500-1.jpg\",\"contentUrl\":\"https:\/\/www.aufnaeher.de\/magazin\/wp-content\/uploads\/aufnaeher-selbst-gestalten-800x500-1.jpg\",\"width\":800,\"height\":500},{\"@type\":\"BreadcrumbList\",\"@id\":\"https:\/\/www.aufnaeher.de\/magazin\/aufnaeher-aufbuegeln-oder-aufnaehen\/#breadcrumb\",\"itemListElement\":[{\"@type\":\"ListItem\",\"position\":1,\"name\":\"Magazin\",\"item\":\"https:\/\/www.aufnaeher.de\/magazin\/\"},{\"@type\":\"ListItem\",\"position\":2,\"name\":\"Aufn\u00e4her aufb\u00fcgeln oder aufn\u00e4hen? Aufn\u00e4her richtig anbringen.\"}]},{\"@type\":\"WebSite\",\"@id\":\"https:\/\/www.aufnaeher.de\/magazin\/#website\",\"url\":\"https:\/\/www.aufnaeher.de\/magazin\/\",\"name\":\"Aufn\u00e4her Magazin\",\"description\":\"Wissenswertes \u00fcber Aufn\u00e4her\",\"potentialAction\":[{\"@type\":\"SearchAction\",\"target\":{\"@type\":\"EntryPoint\",\"urlTemplate\":\"https:\/\/www.aufnaeher.de\/magazin\/?s={search_term_string}\"},\"query-input\":{\"@type\":\"PropertyValueSpecification\",\"valueRequired\":true,\"valueName\":\"search_term_string\"}}],\"inLanguage\":\"de\"},{\"@type\":\"Person\",\"@id\":\"https:\/\/www.aufnaeher.de\/magazin\/#\/schema\/person\/42aa4dd2ba41143f48fef9a111b5b36d\",\"name\":\"aufnaeheradmin\",\"image\":{\"@type\":\"ImageObject\",\"inLanguage\":\"de\",\"@id\":\"https:\/\/www.aufnaeher.de\/magazin\/#\/schema\/person\/image\/\",\"url\":\"https:\/\/secure.gravatar.com\/avatar\/87871f34e68fada81c8b2d10de871853f840bd8f0ad7aff2ea65fb4c2a471f27?s=96&d=mm&r=g\",\"contentUrl\":\"https:\/\/secure.gravatar.com\/avatar\/87871f34e68fada81c8b2d10de871853f840bd8f0ad7aff2ea65fb4c2a471f27?s=96&d=mm&r=g\",\"caption\":\"aufnaeheradmin\"},\"url\":\"https:\/\/www.aufnaeher.de\/magazin\/author\/aufnaeheradmin\/\"}]}<\/script>\n<!-- \/ Yoast SEO Premium plugin. -->","yoast_head_json":{"title":"Aufn\u00e4her anbringen: aufn\u00e4hen oder aufb\u00fcgeln? Eine Entscheidungshilfe","description":"Aufn\u00e4her aufn\u00e4hen oder aufb\u00fcgeln? Entscheidungshilfe, Vor- & Nachteile, viele beachtenswerte Kriterien und wichtige Tipps - mit gro\u00dfer Info-Tabelle","robots":{"index":"index","follow":"follow","max-snippet":"max-snippet:-1","max-image-preview":"max-image-preview:large","max-video-preview":"max-video-preview:-1"},"canonical":"https:\/\/www.aufnaeher.de\/magazin\/aufnaeher-aufbuegeln-oder-aufnaehen\/","og_locale":"de_DE","og_type":"article","og_title":"Aufn\u00e4her aufb\u00fcgeln oder aufn\u00e4hen? Aufn\u00e4her richtig anbringen.","og_description":"Aufn\u00e4her aufn\u00e4hen oder aufb\u00fcgeln? Entscheidungshilfe, Vor- & Nachteile, viele beachtenswerte Kriterien und wichtige Tipps - mit gro\u00dfer Info-Tabelle","og_url":"https:\/\/www.aufnaeher.de\/magazin\/aufnaeher-aufbuegeln-oder-aufnaehen\/","og_site_name":"Aufn\u00e4her Magazin","article_published_time":"2020-07-07T13:41:51+00:00","article_modified_time":"2025-10-01T10:29:46+00:00","og_image":[{"width":800,"height":500,"url":"https:\/\/www.aufnaeher.de\/magazin\/wp-content\/uploads\/aufnaeher-selbst-gestalten-800x500-1.jpg","type":"image\/jpeg"}],"author":"aufnaeheradmin","twitter_card":"summary_large_image","twitter_misc":{"Verfasst von":"aufnaeheradmin","Gesch\u00e4tzte Lesezeit":"6\u00a0Minuten"},"schema":{"@context":"https:\/\/schema.org","@graph":[{"@type":"WebPage","@id":"https:\/\/www.aufnaeher.de\/magazin\/aufnaeher-aufbuegeln-oder-aufnaehen\/","url":"https:\/\/www.aufnaeher.de\/magazin\/aufnaeher-aufbuegeln-oder-aufnaehen\/","name":"Aufn\u00e4her anbringen: aufn\u00e4hen oder aufb\u00fcgeln? Eine Entscheidungshilfe","isPartOf":{"@id":"https:\/\/www.aufnaeher.de\/magazin\/#website"},"primaryImageOfPage":{"@id":"https:\/\/www.aufnaeher.de\/magazin\/aufnaeher-aufbuegeln-oder-aufnaehen\/#primaryimage"},"image":{"@id":"https:\/\/www.aufnaeher.de\/magazin\/aufnaeher-aufbuegeln-oder-aufnaehen\/#primaryimage"},"thumbnailUrl":"https:\/\/www.aufnaeher.de\/magazin\/wp-content\/uploads\/aufnaeher-selbst-gestalten-800x500-1.jpg","datePublished":"2020-07-07T13:41:51+00:00","dateModified":"2025-10-01T10:29:46+00:00","author":{"@id":"https:\/\/www.aufnaeher.de\/magazin\/#\/schema\/person\/42aa4dd2ba41143f48fef9a111b5b36d"},"description":"Aufn\u00e4her aufn\u00e4hen oder aufb\u00fcgeln? Entscheidungshilfe, Vor- & Nachteile, viele beachtenswerte Kriterien und wichtige Tipps - mit gro\u00dfer Info-Tabelle","breadcrumb":{"@id":"https:\/\/www.aufnaeher.de\/magazin\/aufnaeher-aufbuegeln-oder-aufnaehen\/#breadcrumb"},"inLanguage":"de","potentialAction":[{"@type":"ReadAction","target":["https:\/\/www.aufnaeher.de\/magazin\/aufnaeher-aufbuegeln-oder-aufnaehen\/"]}]},{"@type":"ImageObject","inLanguage":"de","@id":"https:\/\/www.aufnaeher.de\/magazin\/aufnaeher-aufbuegeln-oder-aufnaehen\/#primaryimage","url":"https:\/\/www.aufnaeher.de\/magazin\/wp-content\/uploads\/aufnaeher-selbst-gestalten-800x500-1.jpg","contentUrl":"https:\/\/www.aufnaeher.de\/magazin\/wp-content\/uploads\/aufnaeher-selbst-gestalten-800x500-1.jpg","width":800,"height":500},{"@type":"BreadcrumbList","@id":"https:\/\/www.aufnaeher.de\/magazin\/aufnaeher-aufbuegeln-oder-aufnaehen\/#breadcrumb","itemListElement":[{"@type":"ListItem","position":1,"name":"Magazin","item":"https:\/\/www.aufnaeher.de\/magazin\/"},{"@type":"ListItem","position":2,"name":"Aufn\u00e4her aufb\u00fcgeln oder aufn\u00e4hen? Aufn\u00e4her richtig anbringen."}]},{"@type":"WebSite","@id":"https:\/\/www.aufnaeher.de\/magazin\/#website","url":"https:\/\/www.aufnaeher.de\/magazin\/","name":"Aufn\u00e4her Magazin","description":"Wissenswertes \u00fcber Aufn\u00e4her","potentialAction":[{"@type":"SearchAction","target":{"@type":"EntryPoint","urlTemplate":"https:\/\/www.aufnaeher.de\/magazin\/?s={search_term_string}"},"query-input":{"@type":"PropertyValueSpecification","valueRequired":true,"valueName":"search_term_string"}}],"inLanguage":"de"},{"@type":"Person","@id":"https:\/\/www.aufnaeher.de\/magazin\/#\/schema\/person\/42aa4dd2ba41143f48fef9a111b5b36d","name":"aufnaeheradmin","image":{"@type":"ImageObject","inLanguage":"de","@id":"https:\/\/www.aufnaeher.de\/magazin\/#\/schema\/person\/image\/","url":"https:\/\/secure.gravatar.com\/avatar\/87871f34e68fada81c8b2d10de871853f840bd8f0ad7aff2ea65fb4c2a471f27?s=96&d=mm&r=g","contentUrl":"https:\/\/secure.gravatar.com\/avatar\/87871f34e68fada81c8b2d10de871853f840bd8f0ad7aff2ea65fb4c2a471f27?s=96&d=mm&r=g","caption":"aufnaeheradmin"},"url":"https:\/\/www.aufnaeher.de\/magazin\/author\/aufnaeheradmin\/"}]}},"_links":{"self":[{"href":"https:\/\/www.aufnaeher.de\/magazin\/wp-json\/wp\/v2\/posts\/312","targetHints":{"allow":["GET"]}}],"collection":[{"href":"https:\/\/www.aufnaeher.de\/magazin\/wp-json\/wp\/v2\/posts"}],"about":[{"href":"https:\/\/www.aufnaeher.de\/magazin\/wp-json\/wp\/v2\/types\/post"}],"author":[{"embeddable":true,"href":"https:\/\/www.aufnaeher.de\/magazin\/wp-json\/wp\/v2\/users\/2"}],"replies":[{"embeddable":true,"href":"https:\/\/www.aufnaeher.de\/magazin\/wp-json\/wp\/v2\/comments?post=312"}],"version-history":[{"count":7,"href":"https:\/\/www.aufnaeher.de\/magazin\/wp-json\/wp\/v2\/posts\/312\/revisions"}],"predecessor-version":[{"id":1516,"href":"https:\/\/www.aufnaeher.de\/magazin\/wp-json\/wp\/v2\/posts\/312\/revisions\/1516"}],"wp:featuredmedia":[{"embeddable":true,"href":"https:\/\/www.aufnaeher.de\/magazin\/wp-json\/wp\/v2\/media\/749"}],"wp:attachment":[{"href":"https:\/\/www.aufnaeher.de\/magazin\/wp-json\/wp\/v2\/media?parent=312"}],"wp:term":[{"taxonomy":"category","embeddable":true,"href":"https:\/\/www.aufnaeher.de\/magazin\/wp-json\/wp\/v2\/categories?post=312"},{"taxonomy":"post_tag","embeddable":true,"href":"https:\/\/www.aufnaeher.de\/magazin\/wp-json\/wp\/v2\/tags?post=312"}],"curies":[{"name":"wp","href":"https:\/\/api.w.org\/{rel}","templated":true}]}}